{"id":720,"count":2,"description":"Ideais para crian\u00e7as de idades pr\u00f3ximas, os nossos carrinhos duplos modulares adaptam-se \u00e0 sua fam\u00edlia. A configura\u00e7\u00e3o \u00e9 personaliz\u00e1vel: 2 assentos, 1 assento + alcofa ou outras combina\u00e7\u00f5es dependendo do modelo. Uma solu\u00e7\u00e3o pr\u00e1tica e evolutiva desde o nascimento.","link":"https:\/\/lecoindelara.com\/pt-pt\/categorie-produit\/carrinhos-gemeos-triplos\/carrinhos-duplos-modulares\/","name":"Carrinhos duplos modulares","slug":"carrinhos-duplos-modulares","taxonomy":"product_cat","parent":714,"meta":[],"menu_order":0,"_links":{"self":[{"href":"https:\/\/lecoindelara.com\/pt-pt\/wp-json\/wp\/v2\/product_cat\/720","targetHints":{"allow":["GET"]}}],"collection":[{"href":"https:\/\/lecoindelara.com\/pt-pt\/wp-json\/wp\/v2\/product_cat"}],"about":[{"href":"https:\/\/lecoindelara.com\/pt-pt\/wp-json\/wp\/v2\/taxonomies\/product_cat"}],"up":[{"embeddable":true,"href":"https:\/\/lecoindelara.com\/pt-pt\/wp-json\/wp\/v2\/product_cat\/714"}],"wp:post_type":[{"href":"https:\/\/lecoindelara.com\/pt-pt\/wp-json\/wp\/v2\/product?product_cat=720"}],"curies":[{"name":"wp","href":"https:\/\/api.w.org\/{rel}","templated":true}]}}